{"id":2692,"date":"2023-10-19T16:56:04","date_gmt":"2023-10-19T16:56:04","guid":{"rendered":"https:\/\/www.kvetyzivota.art\/?p=2692"},"modified":"2023-12-11T22:39:51","modified_gmt":"2023-12-11T22:39:51","slug":"chromy-jelen-na-ceste","status":"publish","type":"post","link":"https:\/\/www.kvetyzivota.art\/index.php\/2023\/10\/19\/chromy-jelen-na-ceste\/","title":{"rendered":"Chrom\u00fd jelen na cest\u011b!"},"content":{"rendered":"\n<p>Dnes jsme v&nbsp;Brn\u011b ladili tisk knihy Chrom\u00fd jelen<\/p>\n\n\n\n<p>Moji kolegov\u00e9 i j\u00e1 osobn\u011b m\u00e1me velkou radost ze z\u00e1jmu v\u00e1s \u010dten\u00e1\u0159\u016f o knihu Chrom\u00fd jelen i o n\u00e1st\u011bnn\u00fd velkoform\u00e1tov\u00fd kalend\u00e1\u0159 Ogl\u00e9 Y\u00e1mni Junka s\u00a0vybran\u00fdmi texty z\u00a0pr\u00e1v\u011b vych\u00e1zej\u00edc\u00ed knihy. Z\u00e1rove\u0148 se n\u00e1s pt\u00e1te, kdy u\u017e bude kniha i kalend\u00e1\u0159 k\u00a0dispozici. A proto\u017ee se opozdila dod\u00e1vka pap\u00edru, o\u010dek\u00e1v\u00e1me, \u017ee knihu z tisk\u00e1rny dostaneme na konci \u0159\u00edjna a prvn\u00ed kousky budeme distribuovat ihned pot\u00e9.<\/p>\n\n\n\n<p>V&nbsp;t\u011bchto dnech se kniha i kalend\u00e1\u0159 doslova rod\u00ed \u2013 vznik\u00e1, ikonou spole\u010dn\u011b sed\u00edc\u00edch mu\u017e\u016f \u2013 Chrom\u00e9ho jelena a Richarda Erdoese, poti\u0161t\u011bn\u00e1 ob\u00e1lka knihy, kter\u00e1 je z&nbsp;p\u0159\u00edrodn\u00edho pl\u00e1tna a vyb\u00edz\u00ed tak p\u0159\u00edmo k&nbsp;tomu, abyste si knihu mohli bez obav zabalit do batohu a \u010d\u00edst si ji kdekoliv na cest\u011b, t\u0159eba ve vlaku, ve stanu nebo v&nbsp;t\u00fdp\u00ed.<\/p>\n\n\n\n<p>Z\u00e1rove\u0148 jsme dnes byli v&nbsp;Brn\u011b, kde jsme s m\u00edstn\u00edmi zku\u0161en\u00fdmi tiska\u0159i ladili barvy na tiskov\u00fdch ar\u0161\u00edch knihy. Byla to n\u00e1dhern\u00e1 pr\u00e1ce, proto\u017ee lid\u00e9, kte\u0159\u00ed tiskov\u00fd stroj obsluhuj\u00ed jsou nejenom prof\u00edci, tedy sv\u00e9 pr\u00e1ci rozum\u00ed, ale, a to je velmi d\u016fle\u017eit\u00e9, svoji pr\u00e1ci tak\u00e9 miluj\u00ed \u2013 tisknou srdcem. Tak\u017ee, kdy\u017e jsem se po dvou vylad\u011bn\u00fdch tiskov\u00fdch ar\u0161\u00edch s&nbsp;chlapy lou\u010dil, m\u011bl jsem radost a z\u00e1rove\u0148 i jistotu, \u017ee si rozum\u00edme a \u017ee jak Ogl\u00e9ho ilustrace budou v&nbsp;knize v&nbsp;t\u011bch prav\u00fdch barv\u00e1ch, tak i kniha a kalend\u00e1\u0159 budou pr\u00e1v\u011b takov\u00e9, jak\u00e9 jsme je cht\u011bli vytvo\u0159it. V\u011b\u0159\u00edme, \u017ee se v\u00e1m budou l\u00edbit a \u017ee n\u00e1m i prominete del\u0161\u00ed ne\u017e avizovan\u00e9 datum vyd\u00e1n\u00ed.<\/p>\n","protected":false},"excerpt":{"rendered":"<p>Dnes jsme v&nbsp;Brn\u011b ladili tisk knihy Chrom\u00fd jelen Moji kolegov\u00e9 i j\u00e1 osobn\u011b m\u00e1me velkou radost ze z\u00e1jmu v\u00e1s \u010dten\u00e1\u0159\u016f o knihu Chrom\u00fd jelen i o n\u00e1st\u011bnn\u00fd velkoform\u00e1tov\u00fd kalend\u00e1\u0159 Ogl\u00e9 Y\u00e1mni Junka s\u00a0vybran\u00fdmi texty z\u00a0pr\u00e1v\u011b vych\u00e1zej\u00edc\u00ed knihy. Z\u00e1rove\u0148 se n\u00e1s pt\u00e1te, kdy u\u017e bude kniha i kalend\u00e1\u0159 k\u00a0dispozici. A proto\u017ee se opozdila dod\u00e1vka pap\u00edru, o\u010dek\u00e1v\u00e1me, [&hellip;]<\/p>\n","protected":false},"author":1,"featured_media":2693,"comment_status":"closed","ping_status":"closed","sticky":false,"template":"","format":"standard","meta":{"footnotes":""},"categories":[15],"tags":[],"class_list":["post-2692","post","type-post","status-publish","format-standard","has-post-thumbnail","hentry","category-novinky"],"post_mailing_queue_ids":[],"_links":{"self":[{"href":"https:\/\/www.kvetyzivota.art\/index.php\/wp-json\/wp\/v2\/posts\/2692","targetHints":{"allow":["GET"]}}],"collection":[{"href":"https:\/\/www.kvetyzivota.art\/index.php\/wp-json\/wp\/v2\/posts"}],"about":[{"href":"https:\/\/www.kvetyzivota.art\/index.php\/wp-json\/wp\/v2\/types\/post"}],"author":[{"embeddable":true,"href":"https:\/\/www.kvetyzivota.art\/index.php\/wp-json\/wp\/v2\/users\/1"}],"replies":[{"embeddable":true,"href":"https:\/\/www.kvetyzivota.art\/index.php\/wp-json\/wp\/v2\/comments?post=2692"}],"version-history":[{"count":1,"href":"https:\/\/www.kvetyzivota.art\/index.php\/wp-json\/wp\/v2\/posts\/2692\/revisions"}],"predecessor-version":[{"id":2694,"href":"https:\/\/www.kvetyzivota.art\/index.php\/wp-json\/wp\/v2\/posts\/2692\/revisions\/2694"}],"wp:featuredmedia":[{"embeddable":true,"href":"https:\/\/www.kvetyzivota.art\/index.php\/wp-json\/wp\/v2\/media\/2693"}],"wp:attachment":[{"href":"https:\/\/www.kvetyzivota.art\/index.php\/wp-json\/wp\/v2\/media?parent=2692"}],"wp:term":[{"taxonomy":"category","embeddable":true,"href":"https:\/\/www.kvetyzivota.art\/index.php\/wp-json\/wp\/v2\/categories?post=2692"},{"taxonomy":"post_tag","embeddable":true,"href":"https:\/\/www.kvetyzivota.art\/index.php\/wp-json\/wp\/v2\/tags?post=2692"}],"curies":[{"name":"wp","href":"https:\/\/api.w.org\/{rel}","templated":true}]}}