{"id":2011,"date":"2023-04-17T05:47:35","date_gmt":"2023-04-17T05:47:35","guid":{"rendered":"https:\/\/www.kvetyzivota.art\/?p=2011"},"modified":"2023-12-11T22:45:27","modified_gmt":"2023-12-11T22:45:27","slug":"uspesne-jsme-dokoncili-projekt","status":"publish","type":"post","link":"https:\/\/www.kvetyzivota.art\/index.php\/2023\/04\/17\/uspesne-jsme-dokoncili-projekt\/","title":{"rendered":"PROJEKT NA PODPORU VYD\u00c1N\u00cd KNIHY MERLIN JSME \u00daSP\u011a\u0160N\u011a DOKON\u010cILI \ud83d\udc4f \ud83d\udcd5 A CHCEME V\u00c1M POD\u011aKOVAT ZA PODPORU! \u2665\ufe0f\ud83d\ude4f"},"content":{"rendered":"\n<p>M\u00e1me velkou radost z toho, \u017ee se n\u00e1m poda\u0159ilo \u00fasp\u011b\u0161n\u011b z\u00edskat prost\u0159edky na vyd\u00e1n\u00ed knihy MERLIN. Bez va\u0161\u00ed podpory by se to ale nestalo a proto v\u00e1m v\u0161em chceme touto cestou pod\u011bkovat. Spole\u010dn\u011b jsme se stali sou\u010d\u00e1st\u00ed p\u0159\u00edb\u011bhu vzniku knihy. \ud83c\udf40\ud83e\uddd9\u200d\u2642\ufe0f\ud83d\udc6b\ud83d\udc6b<\/p>\n\n\n\n<p>\ud83c\udf40\ud83e\uddd9\u200d\u2642\ufe0fP\u0159\u00edb\u011bh pokra\u010duje. Merlin p\u0159ich\u00e1z\u00ed a vypr\u00e1v\u00ed n\u00e1m sv\u016fj p\u0159\u00edb\u011bh. <\/p>\n\n\n\n<p>\ud83c\udf40\ud83d\udcd5Knihu si nyn\u00ed m\u016f\u017eete po\u0159\u00eddit za p\u0159edprodejovou cenu p\u0159\u00edmo na <a href=\"https:\/\/www.kvetyzivota.art\/index.php\/produkt\/merlin-predplatne\/\" data-type=\"URL\" data-id=\"https:\/\/www.kvetyzivota.art\/index.php\/produkt\/merlin-predplatne\/\">na\u0161ich str\u00e1nk\u00e1ch<\/a>.<\/p>\n\n\n\n<p>\ud83c\udf40\ud83d\ude4fD\u011bkujeme v\u00e1m za va\u0161i podporu! \u010ct\u011bte, naslouchejte a z\u016fsta\u0148te s n\u00e1mi. <\/p>\n","protected":false},"excerpt":{"rendered":"<p>M\u00e1me velkou radost z toho, \u017ee se n\u00e1m poda\u0159ilo \u00fasp\u011b\u0161n\u011b z\u00edskat prost\u0159edky na vyd\u00e1n\u00ed knihy MERLIN. Bez va\u0161\u00ed podpory by se to ale nestalo a proto v\u00e1m v\u0161em chceme touto cestou pod\u011bkovat. Spole\u010dn\u011b jsme se stali sou\u010d\u00e1st\u00ed p\u0159\u00edb\u011bhu vzniku knihy. \ud83c\udf40\ud83e\uddd9\u200d\u2642\ufe0f\ud83d\udc6b\ud83d\udc6b \ud83c\udf40\ud83e\uddd9\u200d\u2642\ufe0fP\u0159\u00edb\u011bh pokra\u010duje. Merlin p\u0159ich\u00e1z\u00ed a vypr\u00e1v\u00ed n\u00e1m sv\u016fj p\u0159\u00edb\u011bh. \ud83c\udf40\ud83d\udcd5Knihu si nyn\u00ed m\u016f\u017eete po\u0159\u00eddit [&hellip;]<\/p>\n","protected":false},"author":1,"featured_media":369,"comment_status":"closed","ping_status":"closed","sticky":false,"template":"","format":"standard","meta":{"footnotes":""},"categories":[15],"tags":[],"class_list":["post-2011","post","type-post","status-publish","format-standard","has-post-thumbnail","hentry","category-novinky"],"post_mailing_queue_ids":[],"_links":{"self":[{"href":"https:\/\/www.kvetyzivota.art\/index.php\/wp-json\/wp\/v2\/posts\/2011","targetHints":{"allow":["GET"]}}],"collection":[{"href":"https:\/\/www.kvetyzivota.art\/index.php\/wp-json\/wp\/v2\/posts"}],"about":[{"href":"https:\/\/www.kvetyzivota.art\/index.php\/wp-json\/wp\/v2\/types\/post"}],"author":[{"embeddable":true,"href":"https:\/\/www.kvetyzivota.art\/index.php\/wp-json\/wp\/v2\/users\/1"}],"replies":[{"embeddable":true,"href":"https:\/\/www.kvetyzivota.art\/index.php\/wp-json\/wp\/v2\/comments?post=2011"}],"version-history":[{"count":3,"href":"https:\/\/www.kvetyzivota.art\/index.php\/wp-json\/wp\/v2\/posts\/2011\/revisions"}],"predecessor-version":[{"id":2017,"href":"https:\/\/www.kvetyzivota.art\/index.php\/wp-json\/wp\/v2\/posts\/2011\/revisions\/2017"}],"wp:featuredmedia":[{"embeddable":true,"href":"https:\/\/www.kvetyzivota.art\/index.php\/wp-json\/wp\/v2\/media\/369"}],"wp:attachment":[{"href":"https:\/\/www.kvetyzivota.art\/index.php\/wp-json\/wp\/v2\/media?parent=2011"}],"wp:term":[{"taxonomy":"category","embeddable":true,"href":"https:\/\/www.kvetyzivota.art\/index.php\/wp-json\/wp\/v2\/categories?post=2011"},{"taxonomy":"post_tag","embeddable":true,"href":"https:\/\/www.kvetyzivota.art\/index.php\/wp-json\/wp\/v2\/tags?post=2011"}],"curies":[{"name":"wp","href":"https:\/\/api.w.org\/{rel}","templated":true}]}}